{
    "id": 4603,
    "date": "2023-11-21T12:13:22",
    "date_gmt": "2023-11-21T10:13:22",
    "guid": {
        "rendered": "https:\/\/polarstartravel.fi\/?post_type=experiences&#038;p=4603"
    },
    "modified": "2024-06-13T15:41:31",
    "modified_gmt": "2024-06-13T12:41:31",
    "slug": "an-empowering-retreat-in-lapland-in-spring-4-7-4-2024",
    "status": "publish",
    "type": "experiences",
    "link": "https:\/\/polarstartravel.fi\/fi\/experiences\/an-empowering-retreat-in-lapland-in-spring-4-7-4-2024\/",
    "title": {
        "rendered": "Lapin kev\u00e4inen inspiraatioretriitti 10.-13.4.2025"
    },
    "content": {
        "rendered": "<script type=\"text\/javascript\" src=\"https:\/\/widgets.bokun.io\/assets\/javascripts\/apps\/build\/BokunWidgetsLoader.js?bookingChannelUUID=a27d7400-36ce-4f2e-8fd2-61cbeb231f40\" async><\/script>\n     \n    <div class=\"bokunWidget\" data-src=\"https:\/\/widgets.bokun.io\/online-sales\/a27d7400-36ce-4f2e-8fd2-61cbeb231f40\/experience\/614366\"><\/div>\n    <noscript>Please enable javascript in your browser to book<\/noscript>",
        "protected": false
    },
    "featured_media": 4845,
    "menu_order": 18,
    "template": "",
    "Kes\u00e4- ja syksyel\u00e4mykset": [],
    "elamyksen-vuodenaika": [],
    "El\u00e4myskategoriat": [
        35
    ],
    "class_list": [
        "post-4603",
        "experiences",
        "type-experiences",
        "status-publish",
        "has-post-thumbnail",
        "hentry",
        "Elmyskategoriat-talvi-ja-kevatelamykset"
    ],
    "acf": [],
    "_links": {
        "self": [
            {
                "href": "https:\/\/polarstartravel.fi\/fi\/wp-json\/wp\/v2\/experiences\/4603",
                "targetHints": {
                    "allow": [
                        "GET"
                    ]
                }
            }
        ],
        "collection": [
            {
                "href": "https:\/\/polarstartravel.fi\/fi\/wp-json\/wp\/v2\/experiences"
            }
        ],
        "about": [
            {
                "href": "https:\/\/polarstartravel.fi\/fi\/wp-json\/wp\/v2\/types\/experiences"
            }
        ],
        "wp:featuredmedia": [
            {
                "embeddable": true,
                "href": "https:\/\/polarstartravel.fi\/fi\/wp-json\/wp\/v2\/media\/4845"
            }
        ],
        "wp:attachment": [
            {
                "href": "https:\/\/polarstartravel.fi\/fi\/wp-json\/wp\/v2\/media?parent=4603"
            }
        ],
        "wp:term": [
            {
                "taxonomy": "Kes\u00e4- ja syksyel\u00e4mykset",
                "embeddable": true,
                "href": "https:\/\/polarstartravel.fi\/fi\/wp-json\/wp\/v2\/Kes\u00e4- ja syksyel\u00e4mykset?post=4603"
            },
            {
                "taxonomy": "elamyksen-vuodenaika",
                "embeddable": true,
                "href": "https:\/\/polarstartravel.fi\/fi\/wp-json\/wp\/v2\/elamyksen-vuodenaika?post=4603"
            },
            {
                "taxonomy": "El\u00e4myskategoriat",
                "embeddable": true,
                "href": "https:\/\/polarstartravel.fi\/fi\/wp-json\/wp\/v2\/El\u00e4myskategoriat?post=4603"
            }
        ],
        "curies": [
            {
                "name": "wp",
                "href": "https:\/\/api.w.org\/{rel}",
                "templated": true
            }
        ]
    }
}