{
    "id": 5263,
    "date": "2024-04-05T15:44:08",
    "date_gmt": "2024-04-05T12:44:08",
    "guid": {
        "rendered": "https:\/\/polarstartravel.fi\/?post_type=retriitti&#038;p=5263"
    },
    "modified": "2026-04-17T15:07:35",
    "modified_gmt": "2026-04-17T12:07:35",
    "slug": "lapin-taika-retriitti-hehkuvilla-kevathangilla-8-11-4-27",
    "status": "publish",
    "type": "retriitti",
    "link": "https:\/\/polarstartravel.fi\/fi\/retriitti\/lapin-taika-retriitti-hehkuvilla-kevathangilla-8-11-4-27\/",
    "title": {
        "rendered": "Lapin taika &#8211; balance retriitti upeilla kev\u00e4thangilla 8. &#8211; 11.4.27"
    },
    "excerpt": {
        "rendered": "<p>T\u00e4m\u00e4 hyvinvoinnin, nautinnoan ja tasapainon retriitti on sinulle, joka kaipaat rauhaa, palautumista, aurinkoa, lempe\u00e4\u00e4 liikett\u00e4 ja hyv\u00e4\u00e4 oloa \u2013 ilman vaatimuksia tai rooleja.<br \/>\nRetriitill\u00e4 laskeudumme tunturien palauttavaan energiaan ja rauhaan, kuuntelemaan oman syd\u00e4mmen \u00e4\u00e4nt\u00e4.<\/p>\n<p>Saamme kuulla kolmen yritt\u00e4j\u00e4naisen tarinan. Mist\u00e4 he ovat l\u00f6yt\u00e4neet luovuuden ja inspiraation toimia ennakkoluulottomasti ja edell\u00e4k\u00e4vij\u00f6in\u00e4. Mit\u00e4 se vaatii ett\u00e4 uskaltaa hyp\u00e4t\u00e4 syd\u00e4n edell\u00e4 uuden \u00e4\u00e4relle ja l\u00f6yt\u00e4\u00e4 oma tapa tehd\u00e4 ty\u00f6t\u00e4, joka on samaan aikaan tuottavaa mutta my\u00f6s \u201dpassion \u2013 intohimo\u201d.<\/p>\n<p>Arktinen luonto on voimakas ja yhteys tuntureiden ikiaikaiseen viisauteen &#8211;  \u00e4itimaan maadoittavaan  energiaan \u2013  on upea kokemus.  Saamme lumikenk\u00e4ill\u00e4 kev\u00e4t hankien hohteessa tuntureilla, nauttia lempe\u00e4st\u00e4 joogasta ja rentoutua Lapin rummun v\u00e4r\u00e4htelyss\u00e4. T\u00e4m\u00e4 pitk\u00e4 viikonloppu on t\u00e4ynn\u00e4 upeita retki\u00e4 ja inspirovia luentoja tuntureiden lumossa. <\/p>",
        "protected": false
    },
    "featured_media": 4255,
    "template": "",
    "class_list": [
        "post-5263",
        "retriitti",
        "type-retriitti",
        "status-publish",
        "has-post-thumbnail",
        "hentry"
    ],
    "acf": [],
    "_links": {
        "self": [
            {
                "href": "https:\/\/polarstartravel.fi\/fi\/wp-json\/wp\/v2\/retriitti\/5263",
                "targetHints": {
                    "allow": [
                        "GET"
                    ]
                }
            }
        ],
        "collection": [
            {
                "href": "https:\/\/polarstartravel.fi\/fi\/wp-json\/wp\/v2\/retriitti"
            }
        ],
        "about": [
            {
                "href": "https:\/\/polarstartravel.fi\/fi\/wp-json\/wp\/v2\/types\/retriitti"
            }
        ],
        "wp:featuredmedia": [
            {
                "embeddable": true,
                "href": "https:\/\/polarstartravel.fi\/fi\/wp-json\/wp\/v2\/media\/4255"
            }
        ],
        "wp:attachment": [
            {
                "href": "https:\/\/polarstartravel.fi\/fi\/wp-json\/wp\/v2\/media?parent=5263"
            }
        ],
        "curies": [
            {
                "name": "wp",
                "href": "https:\/\/api.w.org\/{rel}",
                "templated": true
            }
        ]
    }
}